{"id":611,"date":"2021-06-17T10:56:08","date_gmt":"2021-06-17T08:56:08","guid":{"rendered":"https:\/\/libellud-fondation.fr\/actualite\/?p=611"},"modified":"2021-06-17T11:06:59","modified_gmt":"2021-06-17T09:06:59","slug":"solfaeh-familles-enfants-hospitalises","status":"publish","type":"post","link":"https:\/\/libellud-fondation.fr\/actualite\/solfaeh-familles-enfants-hospitalises\/","title":{"rendered":"SOLFAEH recherche des partenaires pour aider les familles d\u2019enfants hospitalis\u00e9s"},"content":{"rendered":"<p>[et_pb_section fb_built=&#8221;1&#8243; _builder_version=&#8221;4.7.4&#8243; custom_margin=&#8221;0px|0px|0px|0px|false|false&#8221; custom_padding=&#8221;0px|0px|0px|0px|false|false&#8221;][et_pb_row _builder_version=&#8221;4.7.4&#8243; background_size=&#8221;initial&#8221; background_position=&#8221;top_left&#8221; background_repeat=&#8221;repeat&#8221; custom_margin=&#8221;0px|0px|0px|0px|false|false&#8221; custom_padding=&#8221;0px|0px|0px|0px|false|false&#8221;][et_pb_column type=&#8221;4_4&#8243; _builder_version=&#8221;4.7.4&#8243; custom_padding=&#8221;|0px||0px|false|false&#8221; custom_padding__hover=&#8221;|||&#8221;][et_pb_image src=&#8221;https:\/\/libellud-fondation.fr\/actualite\/wp-content\/uploads\/2021\/06\/2016-07-12-UHPE-Rouleau-de-printemps-A12.jpg&#8221; alt=&#8221;solfaeh un hopital pour les enfants&#8221; title_text=&#8221;2016 07 12 UHPE Rouleau de printemps A12&#8243; _builder_version=&#8221;4.9.7&#8243; _module_preset=&#8221;default&#8221;][\/et_pb_image][et_pb_text _builder_version=&#8221;4.9.7&#8243; background_size=&#8221;initial&#8221; background_position=&#8221;top_left&#8221; background_repeat=&#8221;repeat&#8221; custom_margin=&#8221;0px|0px||0px|false|false&#8221; custom_padding=&#8221;0px|0px||0px|false|false&#8221; hover_enabled=&#8221;0&#8243; header_2_line_height=&#8221;1.2em&#8221; sticky_enabled=&#8221;0&#8243;]<\/p>\n<p>\u00c0 Poitiers, l\u2019association <i>Un H\u00f4pital Pour les Enfants<\/i> \u0153uvre pour am\u00e9liorer, avec les soignants, l\u2019accueil et les conditions de vie des enfants et adolescents hospitalis\u00e9s. Sa pr\u00e9sence quotidienne aux c\u00f4t\u00e9s des familles et l\u2019expertise de terrain de ses 6 salari\u00e9s et 80 b\u00e9n\u00e9voles conduit aujourd\u2019hui l&#8217;association \u00e0 mobiliser ses ressources en faveur d\u2019un nouveau dispositif. SOLFAEH, comme il se nomme, souhaite r\u00e9pondre \u00e0 la n\u00e9cessit\u00e9 de soutenir les familles d&#8217;enfants hospitalis\u00e9s dans le besoin.<\/p>\n<p>Gilles K\u00c9O, Directeur de l\u2019association <i>Un H\u00f4pital Pour les Enfants<\/i> depuis 2015 est charg\u00e9 de la gestion globale de l\u2019association et plus particuli\u00e8rement de la recherche de financement. Il revient sur la gen\u00e8se de SOLFAEH et sur la structuration d\u2019un projet qui r\u00e9pond \u00e0 un besoin jusque-l\u00e0 mal satisfait.<\/p>\n<h2>Comment est n\u00e9 SOLFAEH ? De quoi s\u2019agit-il ?<\/h2>\n<p>SOLFAEH consiste \u00e0 la cr\u00e9ation d\u2019un r\u00e9seau solidaire associatif \u00e0 destination des familles d\u2019enfants hospitalis\u00e9s. Depuis plusieurs ann\u00e9es, la pr\u00e9sence de terrain de nos professionnels nous a permis d\u2019identifier et de recueillir des besoins aupr\u00e8s des parents d\u2019enfants hospitalis\u00e9s.<\/p>\n<p>En 2018, ces constats nous ont conduit \u00e0 mener nos premi\u00e8res r\u00e9flexions quant \u00e0 la n\u00e9cessit\u00e9 de soutenir les familles dans le besoin. L\u2019ensemble des professionnels d\u2019<i>Un H\u00f4pital Pour les Enfants<\/i> (UHPE) a ainsi mobilis\u00e9 ses comp\u00e9tences, ses ressources et son r\u00e9seau afin d\u2019initier la structuration de ce nouveau dispositif.<\/p>\n<p>Par ailleurs, nous avons sollicit\u00e9 l\u2019UDAF de la Vienne dont UHPE est membre associ\u00e9. Puis nous avons fait part de nos probl\u00e9matiques aux autres membres pour pouvoir trouver un soutien de la part des autres associations adh\u00e9rentes.<\/p>\n<h2>Quels sont les constats que vous r\u00e9alisez sur le terrain ?<\/h2>\n<p>Notre association fait r\u00e9guli\u00e8rement face \u00e0 des situations qui d\u00e9passent les limites de notre cadre d\u2019intervention. Elles concernent la vie des familles et sont de natures diverses. Parmi ces situations rencontr\u00e9es, nous soulevons plusieurs probl\u00e9matiques :<\/p>\n<ul>\n<li aria-level=\"1\">Comment faire face aux charges quotidiennes (factures,\u2026) tout en prenant en compte la diminution des ressources au sein du foyer suite \u00e0 l\u2019arr\u00eat de l&#8217;activit\u00e9 professionnelle d&#8217;un des parents pour rester aupr\u00e8s de l&#8217;enfant hospitalis\u00e9 ?<\/li>\n<li aria-level=\"1\">Comment faire face financi\u00e8rement aux diff\u00e9rentes d\u00e9penses auxquelles les familles sont confront\u00e9es (achat de mat\u00e9riels adapt\u00e9s, soins de confort, etc\u2026) ?<\/li>\n<li aria-level=\"1\">Comment se restaurer de mani\u00e8re \u00e9quilibr\u00e9e \u00e0 l\u2019h\u00f4pital \u00e0 moindre co\u00fbt ?<\/li>\n<li aria-level=\"1\">Choix corn\u00e9lien : rester aupr\u00e8s de son enfant malade ou \u00eatre pr\u00e9sent aupr\u00e8s de la fratrie (aide aux devoirs, accompagnement \u00e0 l\u2019\u00e9cole, etc\u2026) ?<\/li>\n<li aria-level=\"1\">Comment entreprendre les d\u00e9marches administratives quand la famille croule sous l\u2019annonce de la maladie de son enfant ? Et \u00e0 quel moment ?<\/li>\n<li aria-level=\"1\">Quand la famille est confront\u00e9e \u00e0 la maladie, comment peut-elle g\u00e9rer son quotidien (ex: travail, courses, m\u00e9nage, trajets : par quel biais\u2026) ?<\/li>\n<\/ul>\n<p>[\/et_pb_text][et_pb_gallery gallery_ids=&#8221;637,639,640&#8243; posts_number=&#8221;3&#8243; show_title_and_caption=&#8221;off&#8221; show_pagination=&#8221;off&#8221; _builder_version=&#8221;4.9.7&#8243; _module_preset=&#8221;default&#8221;][\/et_pb_gallery][et_pb_text _builder_version=&#8221;4.9.7&#8243; background_size=&#8221;initial&#8221; background_position=&#8221;top_left&#8221; background_repeat=&#8221;repeat&#8221; custom_margin=&#8221;0px|0px||0px|false|false&#8221; custom_padding=&#8221;0px|0px||0px|false|false&#8221; global_colors_info=&#8221;{}&#8221; header_2_line_height=&#8221;1.2em&#8221;]<\/p>\n<h2>\u00c0 qui s\u2019adresse SOLFAEH ? Qui sont les b\u00e9n\u00e9ficiaires du dispositif ?<\/h2>\n<p>Il s\u2019adresse \u00e0 toutes les familles d\u2019enfants hospitalis\u00e9s (parents et fratries). Il vient en compl\u00e9ment du travail effectu\u00e9 par le service social du CHU de Poitiers et de dispositifs sociaux d\u00e9j\u00e0 existants dans d\u2019autres institutions et parfois m\u00e9connus des familles qui sont focalis\u00e9es sur la gu\u00e9rison de leur enfant.<\/p>\n<h2>Combien de familles sont concern\u00e9es dans la Vienne par l&#8217;hospitalisation de l\u2019un de leurs enfants ?<\/h2>\n<p>Sur les donn\u00e9es statistiques 2020 du CHU de Poitiers, ce sont 7093 enfants de la Vienne qui ont \u00e9t\u00e9 hospitalis\u00e9s avec autant de familles derri\u00e8re. Mais l\u2019ann\u00e9e 2020 est une ann\u00e9e anormale en terme de nombre d\u2019hospitalisation : en 2019, 8896 enfants \u00e9taient concern\u00e9s dans la Vienne.<\/p>\n<h2>Pour faire face \u00e0 vos observations de terrain, quels sont les axes d\u2019intervention que SOLFAEH pr\u00e9voit ?<\/h2>\n<p>Nous pr\u00e9voyons de travailler sur 5 axes d\u2019intervention pour r\u00e9pondre aux besoins couramment rencontr\u00e9s par les familles :<\/p>\n<ul>\n<li aria-level=\"1\">Proposer des trajets solidaires (domicile &#8211; h\u00f4pital) pour permettre aux parents d\u2019\u00eatre pr\u00e9sents aupr\u00e8s de leur enfant malade.<\/li>\n<li aria-level=\"1\">D\u00e9velopper une offre d\u2019h\u00e9bergement de proximit\u00e9 (h\u00f4tels, particuliers,&#8230;) \u00e0 moindre co\u00fbt ou \u00e0 titre gracieux.<\/li>\n<li aria-level=\"1\">Soutenir et accompagner les familles au quotidien (aide financi\u00e8re, alimentation,&#8230;) : en r\u00e9pondant aux besoins primaires et aux sollicitations des familles si n\u00e9cessaire en termes d\u2019apports mat\u00e9riels (hygi\u00e8ne, aide vestimentaire, aide alimentaire,&#8230;.) en lien avec l\u2019assistante sociale et les services de l\u2019h\u00f4pital jusqu\u2019\u00e0 leurs sorties de l\u2019h\u00f4pital.<\/li>\n<li aria-level=\"1\">Compl\u00e9ter l\u2019acc\u00e8s aux droits en lien avec les acteurs d\u00e9j\u00e0 pr\u00e9sents : \u00e9couter, informer et orienter les familles, les accompagner dans leurs d\u00e9marches administratives en vue de solliciter les diff\u00e9rentes aides existantes auxquelles elles pourraient pr\u00e9tendre. Et pallier l\u2019incapacit\u00e9 de bon nombre de familles \u00e0 faire face \u00e0 la fois \u00e0 la maladie de leur enfant et \u00e0 la m\u00e9connaissance des dispositifs existants.<\/li>\n<li aria-level=\"1\">Assurer un mode de garde aupr\u00e8s de la fratrie en veillant \u00e0 la prise en charge des fr\u00e8res et s\u0153urs de l\u2019enfant malade au domicile afin d\u2019assurer une certaine s\u00e9r\u00e9nit\u00e9 pour les parents concern\u00e9s.<\/li>\n<\/ul>\n<h2>O\u00f9 en est le dispositif dans son d\u00e9veloppement ?<\/h2>\n<p>Depuis la naissance du projet, le groupe de travail a d\u00e9fini une m\u00e9thodologie dans le but d\u2019en assurer la p\u00e9rennit\u00e9. Nous avons statu\u00e9 sur l\u2019assise juridique de SOLFAEH (les statuts ont \u00e9t\u00e9 r\u00e9dig\u00e9s) et nous avons engag\u00e9 la recherche de financements (45 000 euros financ\u00e9s par la Fondation Libellud).<\/p>\n<p>Pour d\u00e9velopper correctement le projet, nous avons maintenant besoin de d\u00e9finir une strat\u00e9gie de communication aupr\u00e8s des familles et des partenaires, de rassembler une \u00e9quipe de b\u00e9n\u00e9voles, d\u2019identifier des personnes ressources et de commencer \u00e0 constituer un r\u00e9seau de partenaires. En parall\u00e8le, nous pr\u00e9voyons de rechercher de nouveaux financements. Cela passera par le recrutement d\u2019un salari\u00e9 garant du d\u00e9veloppement du projet.<\/p>\n<p>La crise sanitaire a malheureusement frein\u00e9 les d\u00e9marches, mais la pers\u00e9v\u00e9rance de la commission nous permet aujourd&#8217;hui d&#8217;organiser une assembl\u00e9e g\u00e9n\u00e9rale constitutive le 21 juin prochain afin d&#8217;\u00e9lire les membres du conseil d\u2019administration.<\/p>\n<h2>De quels types de structures (partenaires) auriez-vous besoin aujourd&#8217;hui pour \u00e9largir votre r\u00e9seau et couvrir les axes d\u2019intervention de SOLFAEH ?<\/h2>\n<p>Nous allons avoir besoin du soutien des partenaires institutionnels pour pouvoir r\u00e9pondre et couvrir les besoins des familles et d\u2019associations partenaires qui pourront s\u2019inscrire dans le r\u00e9seau selon leurs comp\u00e9tences.<\/p>\n<p>La sortie de crise devrait nous permettre de mettre en place des rencontres pour pr\u00e9senter le projet SOLFAEH et pour impulser une dynamique sur notre territoire.<\/p>\n<p>[\/et_pb_text][\/et_pb_column][\/et_pb_row][\/et_pb_section][et_pb_section fb_built=&#8221;1&#8243; _builder_version=&#8221;4.9.7&#8243; _module_preset=&#8221;default&#8221; background_color=&#8221;#f1f1f1&#8243; custom_margin=&#8221;20px||20px||true|false&#8221; custom_padding=&#8221;0px||0px||true|false&#8221;][et_pb_row _builder_version=&#8221;4.9.7&#8243; _module_preset=&#8221;default&#8221;][et_pb_column type=&#8221;4_4&#8243; _builder_version=&#8221;4.9.7&#8243; _module_preset=&#8221;default&#8221;][et_pb_text _builder_version=&#8221;4.9.7&#8243; background_color=&#8221;#f1f1f1&#8243; background_size=&#8221;initial&#8221; background_position=&#8221;top_left&#8221; background_repeat=&#8221;repeat&#8221; custom_margin=&#8221;0px|0px||0px|false|false&#8221; custom_padding=&#8221;0px|0px||0px|false|false&#8221; global_colors_info=&#8221;{}&#8221; header_2_line_height=&#8221;1.2em&#8221;]<\/p>\n<p>Le dispositif SOLFAEH r\u00e9unit actuellement <em><a href=\"https:\/\/www.hopitalpourenfants.fr\/\">Un H\u00f4pital Pour les Enfants<\/a><\/em>, l\u2019<a href=\"https:\/\/www.udaf86.asso.fr\/\"><em>UDAF de la Vienne<\/em><\/a>, l\u2019association <em>PAULA<\/em> (Pour Aider Utilement Les Autres), l\u2019<a href=\"https:\/\/www.una86.fr\/\"><em>UNA 86<\/em><\/a>, et <a href=\"https:\/\/www.anjpv.org\/\"><em>JVP 86<\/em><\/a>.\u00a0Chaque structure int\u00e9ress\u00e9e a la possibilit\u00e9 de contribuer ou d&#8217;int\u00e9grer le r\u00e9seau pour accompagner les familles d\u2019enfants hospitalis\u00e9s. Il suffit pour cela de contacter l\u2019une des associations participantes.<\/p>\n<p>[\/et_pb_text][et_pb_button button_url=&#8221;https:\/\/www.game-in-lab.org\/projets-soutenus\/&#8221; url_new_window=&#8221;on&#8221; button_text=&#8221;En savoir plus sur Game in Lab et les projets laur\u00e9ats&#8221; disabled_on=&#8221;on|on|on&#8221; _builder_version=&#8221;4.9.4&#8243; _module_preset=&#8221;default&#8221; disabled=&#8221;on&#8221;][\/et_pb_button][\/et_pb_column][\/et_pb_row][\/et_pb_section][et_pb_section fb_built=&#8221;1&#8243; _builder_version=&#8221;4.9.7&#8243; _module_preset=&#8221;default&#8221; background_color=&#8221;#0C71C3&#8243; custom_margin=&#8221;20px||20px||true|false&#8221; custom_padding=&#8221;0px||0px||true|false&#8221;][et_pb_row _builder_version=&#8221;4.9.7&#8243; _module_preset=&#8221;default&#8221;][et_pb_column type=&#8221;4_4&#8243; _builder_version=&#8221;4.9.7&#8243; _module_preset=&#8221;default&#8221;][et_pb_text _builder_version=&#8221;4.9.7&#8243; text_text_color=&#8221;#FFFFFF&#8221; link_font=&#8221;||||on|||#FFFFFF|&#8221; link_text_color=&#8221;#FFFFFF&#8221; header_2_text_color=&#8221;#FFFFFF&#8221; background_enable_color=&#8221;off&#8221; background_size=&#8221;initial&#8221; background_position=&#8221;top_left&#8221; background_repeat=&#8221;repeat&#8221; custom_margin=&#8221;0px|0px||0px|false|false&#8221; custom_padding=&#8221;0px|0px||0px|false|false&#8221; global_colors_info=&#8221;{}&#8221; header_2_line_height=&#8221;1.2em&#8221;]<\/p>\n<h2>SOLFAEH et la Fondation Libellud<\/h2>\n<p>\u201c\u00c0 ce jour, \u00e9tant donn\u00e9 que l\u2019association SOLFAEH est en train de se constituer, la <em>Fondation Libellud<\/em> est notre unique partenaires financiers. Nous l\u2019avons connu car, depuis 2012, la soci\u00e9t\u00e9 <em>Libellud<\/em> soutenait les actions d\u2019<em>Un H\u00f4pital Pour les Enfants<\/em> via un m\u00e9c\u00e9nat financier \u00e0 hauteur de 10 000\u20ac par an.<\/p>\n<p>La <em>Fondation Libellud<\/em>, au-del\u00e0 du m\u00e9c\u00e9nat financier pr\u00e9cieux pour impulser ce dispositif novateur, nous accompagne pour nous conseiller et nous aider \u00e0 d\u00e9velopper la mise en place de ce projet afin d\u2019en assurer la pertinence et la p\u00e9rennit\u00e9.\u201d<\/p>\n<p><strong>Gilles K\u00e9o<\/strong><\/p>\n<p>&nbsp;<\/p>\n<p>[\/et_pb_text][\/et_pb_column][\/et_pb_row][\/et_pb_section]<\/p>\n","protected":false},"excerpt":{"rendered":"<p>\u00c0 Poitiers, l\u2019association Un H\u00f4pital Pour les Enfants \u0153uvre pour am\u00e9liorer, avec les soignants, l\u2019accueil et les conditions de vie des enfants et adolescents hospitalis\u00e9s. Sa pr\u00e9sence quotidienne aux c\u00f4t\u00e9s des familles et l\u2019expertise de terrain de ses 6 salari\u00e9s et 80 b\u00e9n\u00e9voles conduit aujourd\u2019hui l&#8217;association \u00e0 mobiliser ses ressources en faveur d\u2019un nouveau dispositif. [&hellip;]<\/p>\n","protected":false},"author":1,"featured_media":633,"comment_status":"open","ping_status":"open","sticky":false,"template":"","format":"standard","meta":{"_et_pb_use_builder":"on","_et_pb_old_content":"","_et_gb_content_width":""},"categories":[10],"tags":[],"yoast_head":"<!-- This site is optimized with the Yoast SEO plugin v20.6 - https:\/\/yoast.com\/wordpress\/plugins\/seo\/ -->\n<title>SOLFAEH aide les familles d\u2019enfants hospitalis\u00e9s - Fondation Libellud<\/title>\n<meta name=\"description\" content=\"\u00c0 Poitiers et dans la Vienne, SOLFAEH \u0153uvre pour am\u00e9liorer le quotidien des familles d&#039;enfants et d&#039;adolescents hospitalis\u00e9s.\" \/>\n<meta name=\"robots\" content=\"index, follow, max-snippet:-1, max-image-preview:large, max-video-preview:-1\" \/>\n<link rel=\"canonical\" href=\"https:\/\/libellud-fondation.fr\/actualite\/solfaeh-familles-enfants-hospitalises\/\" \/>\n<meta property=\"og:locale\" content=\"fr_FR\" \/>\n<meta property=\"og:type\" content=\"article\" \/>\n<meta property=\"og:title\" content=\"SOLFAEH aide les familles d\u2019enfants hospitalis\u00e9s - Fondation Libellud\" \/>\n<meta property=\"og:description\" content=\"\u00c0 Poitiers et dans la Vienne, SOLFAEH \u0153uvre pour am\u00e9liorer le quotidien des familles d&#039;enfants et d&#039;adolescents hospitalis\u00e9s.\" \/>\n<meta property=\"og:url\" content=\"https:\/\/libellud-fondation.fr\/actualite\/solfaeh-familles-enfants-hospitalises\/\" \/>\n<meta property=\"og:site_name\" content=\"FONDATION D&#039;ENTREPRISE LIBELLUD \u2022 POITIERS\" \/>\n<meta property=\"article:published_time\" content=\"2021-06-17T08:56:08+00:00\" \/>\n<meta property=\"article:modified_time\" content=\"2021-06-17T09:06:59+00:00\" \/>\n<meta property=\"og:image\" content=\"https:\/\/libellud-fondation.fr\/actualite\/wp-content\/uploads\/2021\/06\/2016-07-12-UHPE-Rouleau-de-printemps-A12.jpg\" \/>\n\t<meta property=\"og:image:width\" content=\"1500\" \/>\n\t<meta property=\"og:image:height\" content=\"1000\" \/>\n\t<meta property=\"og:image:type\" content=\"image\/jpeg\" \/>\n<meta name=\"author\" content=\"Fondation Libellud\" \/>\n<meta name=\"twitter:card\" content=\"summary_large_image\" \/>\n<meta name=\"twitter:label1\" content=\"\u00c9crit par\" \/>\n\t<meta name=\"twitter:data1\" content=\"Fondation Libellud\" \/>\n\t<meta name=\"twitter:label2\" content=\"Dur\u00e9e de lecture estim\u00e9e\" \/>\n\t<meta name=\"twitter:data2\" content=\"9 minutes\" \/>\n<script type=\"application\/ld+json\" class=\"yoast-schema-graph\">{\"@context\":\"https:\/\/schema.org\",\"@graph\":[{\"@type\":\"Article\",\"@id\":\"https:\/\/libellud-fondation.fr\/actualite\/solfaeh-familles-enfants-hospitalises\/#article\",\"isPartOf\":{\"@id\":\"https:\/\/libellud-fondation.fr\/actualite\/solfaeh-familles-enfants-hospitalises\/\"},\"author\":{\"name\":\"Fondation Libellud\",\"@id\":\"https:\/\/libellud-fondation.fr\/actualite\/#\/schema\/person\/eecf0ce4448501dce6ade72fb7c58ab5\"},\"headline\":\"SOLFAEH recherche des partenaires pour aider les familles d\u2019enfants hospitalis\u00e9s\",\"datePublished\":\"2021-06-17T08:56:08+00:00\",\"dateModified\":\"2021-06-17T09:06:59+00:00\",\"mainEntityOfPage\":{\"@id\":\"https:\/\/libellud-fondation.fr\/actualite\/solfaeh-familles-enfants-hospitalises\/\"},\"wordCount\":1777,\"commentCount\":0,\"publisher\":{\"@id\":\"https:\/\/libellud-fondation.fr\/actualite\/#organization\"},\"articleSection\":[\"entretien\"],\"inLanguage\":\"fr-FR\",\"potentialAction\":[{\"@type\":\"CommentAction\",\"name\":\"Comment\",\"target\":[\"https:\/\/libellud-fondation.fr\/actualite\/solfaeh-familles-enfants-hospitalises\/#respond\"]}]},{\"@type\":\"WebPage\",\"@id\":\"https:\/\/libellud-fondation.fr\/actualite\/solfaeh-familles-enfants-hospitalises\/\",\"url\":\"https:\/\/libellud-fondation.fr\/actualite\/solfaeh-familles-enfants-hospitalises\/\",\"name\":\"SOLFAEH aide les familles d\u2019enfants hospitalis\u00e9s - Fondation Libellud\",\"isPartOf\":{\"@id\":\"https:\/\/libellud-fondation.fr\/actualite\/#website\"},\"datePublished\":\"2021-06-17T08:56:08+00:00\",\"dateModified\":\"2021-06-17T09:06:59+00:00\",\"description\":\"\u00c0 Poitiers et dans la Vienne, SOLFAEH \u0153uvre pour am\u00e9liorer le quotidien des familles d'enfants et d'adolescents hospitalis\u00e9s.\",\"breadcrumb\":{\"@id\":\"https:\/\/libellud-fondation.fr\/actualite\/solfaeh-familles-enfants-hospitalises\/#breadcrumb\"},\"inLanguage\":\"fr-FR\",\"potentialAction\":[{\"@type\":\"ReadAction\",\"target\":[\"https:\/\/libellud-fondation.fr\/actualite\/solfaeh-familles-enfants-hospitalises\/\"]}]},{\"@type\":\"BreadcrumbList\",\"@id\":\"https:\/\/libellud-fondation.fr\/actualite\/solfaeh-familles-enfants-hospitalises\/#breadcrumb\",\"itemListElement\":[{\"@type\":\"ListItem\",\"position\":1,\"name\":\"Accueil\",\"item\":\"https:\/\/libellud-fondation.fr\/actualite\/\"},{\"@type\":\"ListItem\",\"position\":2,\"name\":\"SOLFAEH recherche des partenaires pour aider les familles d\u2019enfants hospitalis\u00e9s\"}]},{\"@type\":\"WebSite\",\"@id\":\"https:\/\/libellud-fondation.fr\/actualite\/#website\",\"url\":\"https:\/\/libellud-fondation.fr\/actualite\/\",\"name\":\"FONDATION D&#039;ENTREPRISE LIBELLUD \u2022 POITIERS\",\"description\":\"Investir, accompagner et relier des projets inspirants\",\"publisher\":{\"@id\":\"https:\/\/libellud-fondation.fr\/actualite\/#organization\"},\"potentialAction\":[{\"@type\":\"SearchAction\",\"target\":{\"@type\":\"EntryPoint\",\"urlTemplate\":\"https:\/\/libellud-fondation.fr\/actualite\/?s={search_term_string}\"},\"query-input\":\"required name=search_term_string\"}],\"inLanguage\":\"fr-FR\"},{\"@type\":\"Organization\",\"@id\":\"https:\/\/libellud-fondation.fr\/actualite\/#organization\",\"name\":\"Fondation Libellud\",\"url\":\"https:\/\/libellud-fondation.fr\/actualite\/\",\"logo\":{\"@type\":\"ImageObject\",\"inLanguage\":\"fr-FR\",\"@id\":\"https:\/\/libellud-fondation.fr\/actualite\/#\/schema\/logo\/image\/\",\"url\":\"https:\/\/libellud-fondation.fr\/actualite\/wp-content\/uploads\/2021\/02\/fondation-libellud.png\",\"contentUrl\":\"https:\/\/libellud-fondation.fr\/actualite\/wp-content\/uploads\/2021\/02\/fondation-libellud.png\",\"width\":500,\"height\":500,\"caption\":\"Fondation Libellud\"},\"image\":{\"@id\":\"https:\/\/libellud-fondation.fr\/actualite\/#\/schema\/logo\/image\/\"}},{\"@type\":\"Person\",\"@id\":\"https:\/\/libellud-fondation.fr\/actualite\/#\/schema\/person\/eecf0ce4448501dce6ade72fb7c58ab5\",\"name\":\"Fondation Libellud\",\"image\":{\"@type\":\"ImageObject\",\"inLanguage\":\"fr-FR\",\"@id\":\"https:\/\/libellud-fondation.fr\/actualite\/#\/schema\/person\/image\/\",\"url\":\"https:\/\/secure.gravatar.com\/avatar\/65a74a89d18ffc2d61058f52c228b84b?s=96&d=mm&r=g\",\"contentUrl\":\"https:\/\/secure.gravatar.com\/avatar\/65a74a89d18ffc2d61058f52c228b84b?s=96&d=mm&r=g\",\"caption\":\"Fondation Libellud\"},\"sameAs\":[\"http:\/\/libellud-fondation.fr\/actualite\"],\"url\":\"https:\/\/libellud-fondation.fr\/actualite\/author\/wordpresslibellud2020\/\"}]}<\/script>\n<!-- \/ Yoast SEO plugin. -->","yoast_head_json":{"title":"SOLFAEH aide les familles d\u2019enfants hospitalis\u00e9s - Fondation Libellud","description":"\u00c0 Poitiers et dans la Vienne, SOLFAEH \u0153uvre pour am\u00e9liorer le quotidien des familles d'enfants et d'adolescents hospitalis\u00e9s.","robots":{"index":"index","follow":"follow","max-snippet":"max-snippet:-1","max-image-preview":"max-image-preview:large","max-video-preview":"max-video-preview:-1"},"canonical":"https:\/\/libellud-fondation.fr\/actualite\/solfaeh-familles-enfants-hospitalises\/","og_locale":"fr_FR","og_type":"article","og_title":"SOLFAEH aide les familles d\u2019enfants hospitalis\u00e9s - Fondation Libellud","og_description":"\u00c0 Poitiers et dans la Vienne, SOLFAEH \u0153uvre pour am\u00e9liorer le quotidien des familles d'enfants et d'adolescents hospitalis\u00e9s.","og_url":"https:\/\/libellud-fondation.fr\/actualite\/solfaeh-familles-enfants-hospitalises\/","og_site_name":"FONDATION D&#039;ENTREPRISE LIBELLUD \u2022 POITIERS","article_published_time":"2021-06-17T08:56:08+00:00","article_modified_time":"2021-06-17T09:06:59+00:00","og_image":[{"width":1500,"height":1000,"url":"https:\/\/libellud-fondation.fr\/actualite\/wp-content\/uploads\/2021\/06\/2016-07-12-UHPE-Rouleau-de-printemps-A12.jpg","type":"image\/jpeg"}],"author":"Fondation Libellud","twitter_card":"summary_large_image","twitter_misc":{"\u00c9crit par":"Fondation Libellud","Dur\u00e9e de lecture estim\u00e9e":"9 minutes"},"schema":{"@context":"https:\/\/schema.org","@graph":[{"@type":"Article","@id":"https:\/\/libellud-fondation.fr\/actualite\/solfaeh-familles-enfants-hospitalises\/#article","isPartOf":{"@id":"https:\/\/libellud-fondation.fr\/actualite\/solfaeh-familles-enfants-hospitalises\/"},"author":{"name":"Fondation Libellud","@id":"https:\/\/libellud-fondation.fr\/actualite\/#\/schema\/person\/eecf0ce4448501dce6ade72fb7c58ab5"},"headline":"SOLFAEH recherche des partenaires pour aider les familles d\u2019enfants hospitalis\u00e9s","datePublished":"2021-06-17T08:56:08+00:00","dateModified":"2021-06-17T09:06:59+00:00","mainEntityOfPage":{"@id":"https:\/\/libellud-fondation.fr\/actualite\/solfaeh-familles-enfants-hospitalises\/"},"wordCount":1777,"commentCount":0,"publisher":{"@id":"https:\/\/libellud-fondation.fr\/actualite\/#organization"},"articleSection":["entretien"],"inLanguage":"fr-FR","potentialAction":[{"@type":"CommentAction","name":"Comment","target":["https:\/\/libellud-fondation.fr\/actualite\/solfaeh-familles-enfants-hospitalises\/#respond"]}]},{"@type":"WebPage","@id":"https:\/\/libellud-fondation.fr\/actualite\/solfaeh-familles-enfants-hospitalises\/","url":"https:\/\/libellud-fondation.fr\/actualite\/solfaeh-familles-enfants-hospitalises\/","name":"SOLFAEH aide les familles d\u2019enfants hospitalis\u00e9s - Fondation Libellud","isPartOf":{"@id":"https:\/\/libellud-fondation.fr\/actualite\/#website"},"datePublished":"2021-06-17T08:56:08+00:00","dateModified":"2021-06-17T09:06:59+00:00","description":"\u00c0 Poitiers et dans la Vienne, SOLFAEH \u0153uvre pour am\u00e9liorer le quotidien des familles d'enfants et d'adolescents hospitalis\u00e9s.","breadcrumb":{"@id":"https:\/\/libellud-fondation.fr\/actualite\/solfaeh-familles-enfants-hospitalises\/#breadcrumb"},"inLanguage":"fr-FR","potentialAction":[{"@type":"ReadAction","target":["https:\/\/libellud-fondation.fr\/actualite\/solfaeh-familles-enfants-hospitalises\/"]}]},{"@type":"BreadcrumbList","@id":"https:\/\/libellud-fondation.fr\/actualite\/solfaeh-familles-enfants-hospitalises\/#breadcrumb","itemListElement":[{"@type":"ListItem","position":1,"name":"Accueil","item":"https:\/\/libellud-fondation.fr\/actualite\/"},{"@type":"ListItem","position":2,"name":"SOLFAEH recherche des partenaires pour aider les familles d\u2019enfants hospitalis\u00e9s"}]},{"@type":"WebSite","@id":"https:\/\/libellud-fondation.fr\/actualite\/#website","url":"https:\/\/libellud-fondation.fr\/actualite\/","name":"FONDATION D&#039;ENTREPRISE LIBELLUD \u2022 POITIERS","description":"Investir, accompagner et relier des projets inspirants","publisher":{"@id":"https:\/\/libellud-fondation.fr\/actualite\/#organization"},"potentialAction":[{"@type":"SearchAction","target":{"@type":"EntryPoint","urlTemplate":"https:\/\/libellud-fondation.fr\/actualite\/?s={search_term_string}"},"query-input":"required name=search_term_string"}],"inLanguage":"fr-FR"},{"@type":"Organization","@id":"https:\/\/libellud-fondation.fr\/actualite\/#organization","name":"Fondation Libellud","url":"https:\/\/libellud-fondation.fr\/actualite\/","logo":{"@type":"ImageObject","inLanguage":"fr-FR","@id":"https:\/\/libellud-fondation.fr\/actualite\/#\/schema\/logo\/image\/","url":"https:\/\/libellud-fondation.fr\/actualite\/wp-content\/uploads\/2021\/02\/fondation-libellud.png","contentUrl":"https:\/\/libellud-fondation.fr\/actualite\/wp-content\/uploads\/2021\/02\/fondation-libellud.png","width":500,"height":500,"caption":"Fondation Libellud"},"image":{"@id":"https:\/\/libellud-fondation.fr\/actualite\/#\/schema\/logo\/image\/"}},{"@type":"Person","@id":"https:\/\/libellud-fondation.fr\/actualite\/#\/schema\/person\/eecf0ce4448501dce6ade72fb7c58ab5","name":"Fondation Libellud","image":{"@type":"ImageObject","inLanguage":"fr-FR","@id":"https:\/\/libellud-fondation.fr\/actualite\/#\/schema\/person\/image\/","url":"https:\/\/secure.gravatar.com\/avatar\/65a74a89d18ffc2d61058f52c228b84b?s=96&d=mm&r=g","contentUrl":"https:\/\/secure.gravatar.com\/avatar\/65a74a89d18ffc2d61058f52c228b84b?s=96&d=mm&r=g","caption":"Fondation Libellud"},"sameAs":["http:\/\/libellud-fondation.fr\/actualite"],"url":"https:\/\/libellud-fondation.fr\/actualite\/author\/wordpresslibellud2020\/"}]}},"_links":{"self":[{"href":"https:\/\/libellud-fondation.fr\/actualite\/wp-json\/wp\/v2\/posts\/611"}],"collection":[{"href":"https:\/\/libellud-fondation.fr\/actualite\/wp-json\/wp\/v2\/posts"}],"about":[{"href":"https:\/\/libellud-fondation.fr\/actualite\/wp-json\/wp\/v2\/types\/post"}],"author":[{"embeddable":true,"href":"https:\/\/libellud-fondation.fr\/actualite\/wp-json\/wp\/v2\/users\/1"}],"replies":[{"embeddable":true,"href":"https:\/\/libellud-fondation.fr\/actualite\/wp-json\/wp\/v2\/comments?post=611"}],"version-history":[{"count":17,"href":"https:\/\/libellud-fondation.fr\/actualite\/wp-json\/wp\/v2\/posts\/611\/revisions"}],"predecessor-version":[{"id":648,"href":"https:\/\/libellud-fondation.fr\/actualite\/wp-json\/wp\/v2\/posts\/611\/revisions\/648"}],"wp:featuredmedia":[{"embeddable":true,"href":"https:\/\/libellud-fondation.fr\/actualite\/wp-json\/wp\/v2\/media\/633"}],"wp:attachment":[{"href":"https:\/\/libellud-fondation.fr\/actualite\/wp-json\/wp\/v2\/media?parent=611"}],"wp:term":[{"taxonomy":"category","embeddable":true,"href":"https:\/\/libellud-fondation.fr\/actualite\/wp-json\/wp\/v2\/categories?post=611"},{"taxonomy":"post_tag","embeddable":true,"href":"https:\/\/libellud-fondation.fr\/actualite\/wp-json\/wp\/v2\/tags?post=611"}],"curies":[{"name":"wp","href":"https:\/\/api.w.org\/{rel}","templated":true}]}}